{"id":4480,"date":"2019-09-05T22:45:00","date_gmt":"2019-09-06T01:45:00","guid":{"rendered":"https:\/\/deliberanteobera.gob.ar\/digesto\/?p=4480"},"modified":"2025-12-13T00:03:20","modified_gmt":"2025-12-13T03:03:20","slug":"ordenanza-xviii-nro-5","status":"publish","type":"post","link":"https:\/\/deliberanteobera.gob.ar\/digesto\/ordenanza-xviii-nro-5\/","title":{"rendered":"Ordenanza XVIII &#8211; Nro 5"},"content":{"rendered":"\n<p class=\"wp-block-paragraph\">Autorizaci\u00f3n para la Federaci\u00f3n de Colectividades en el manejo del Estacionamiento Tarifado en calles aleda\u00f1as durante la Pre Fiesta y Fiesta Nacional del Inmigrante<\/p>\n\n\n\n<div class=\"wp-block-group is-nowrap is-layout-flex wp-container-core-group-is-layout-8f761849 wp-block-group-is-layout-flex\">\n<p class=\"wp-block-paragraph\">Fecha de Sanci\u00f3n:<\/p>\n\n\n<div class=\"wp-block-post-date\"><time datetime=\"2019-09-05T22:45:00-03:00\">5 de septiembre de 2019<\/time><\/div><\/div>\n\n\n\n<div class=\"wp-block-group is-nowrap is-layout-flex wp-container-core-group-is-layout-8f761849 wp-block-group-is-layout-flex\">\n<p class=\"wp-block-paragraph\">N\u00famero de Ordenanza:<\/p>\n\n\n<div class=\"is-acf-field wp-block-mfb-meta-field-block\"><div class=\"value\">XVIII &#8211; 5<\/div><\/div><\/div>\n\n\n\n<div class=\"wp-block-group is-nowrap is-layout-flex wp-container-core-group-is-layout-8f761849 wp-block-group-is-layout-flex\">\n<p class=\"wp-block-paragraph\">\u00daltima consolidaci\u00f3n:<\/p>\n\n\n<div class=\"is-acf-field wp-block-mfb-meta-field-block\"><div class=\"value\"><span class=\"value-item\">3\u00b0 &#8211; Tercera Consolidaci\u00f3n (2023)<\/span><\/div><\/div><\/div>\n\n\n\n<div class=\"wp-block-group is-nowrap is-layout-flex wp-container-core-group-is-layout-8f761849 wp-block-group-is-layout-flex\">\n<p class=\"wp-block-paragraph\">N\u00famero anterior:<\/p>\n\n\n<div class=\"is-acf-field wp-block-mfb-meta-field-block\"><div class=\"value\">2606\/17<\/div><\/div><\/div>\n\n\n\n<div class=\"wp-block-group is-nowrap is-layout-flex wp-container-core-group-is-layout-8f761849 wp-block-group-is-layout-flex\">\n<p class=\"wp-block-paragraph\">ID en Sistema Digesto:<\/p>\n\n\n<div class=\"is-acf-field is-number-field wp-block-mfb-meta-field-block\"><div class=\"value\">2606<\/div><\/div><\/div>\n<!-- WP Attachments -->\r\n        <div style=\"width:100%;margin:10px 0 10px 0;\">\r\n            <h3>Archivos descargables<\/h3>\r\n        <ul class=\"post-attachments\"><li class=\"post-attachment mime-application-pdf\"><a target=\"_blank\" rel=\"noopener noreferrer\" href=\"https:\/\/deliberanteobera.gob.ar\/digesto\/ordenanza-xviii-nro-5\/?download=4481\">ORDENANZA XVIII\u2013 N\u00b0 5 TABLA<\/a> <small>\u2022 283 kB \u2022 103 click<\/small><\/li><li class=\"post-attachment mime-application-pdf\"><a target=\"_blank\" rel=\"noopener noreferrer\" href=\"https:\/\/deliberanteobera.gob.ar\/digesto\/ordenanza-xviii-nro-5\/?download=4482\">ORDENANZA XVIII\u2013 N\u00b0 5<\/a> <small>\u2022 274 kB \u2022 125 click<\/small><\/li><\/ul><\/div>","protected":false},"excerpt":{"rendered":"<p>Autorizaci\u00f3n para la Federaci\u00f3n de Colectividades en el manejo del Estacionamiento Tarifado en [&hellip;]<\/p>\n","protected":false},"author":3,"featured_media":0,"comment_status":"closed","ping_status":"closed","sticky":false,"template":"","format":"standard","meta":{"_acf_changed":false,"_crdt_document":"","footnotes":""},"categories":[50],"tags":[191,1758,1517],"class_list":["post-4480","post","type-post","status-publish","format-standard","hentry","category-particulares","tag-autorizaciones","tag-federacion-de-colectividades","tag-fiesta-nacional-del-inmigrante"],"acf":{"n_de_ordenanza":{"simple_value_formatted":"XVIII - 5","value_formatted":"XVIII - 5","value":"XVIII - 5","field":{"ID":9,"key":"field_6408b004650f0","label":"N\u00b0 de Ordenanza","name":"n_de_ordenanza","aria-label":"","prefix":"acf","type":"text","value":null,"menu_order":0,"instructions":"","required":1,"id":"","class":"","conditional_logic":0,"parent":8,"wrapper":{"width":"20","class":"","id":""},"acfbs_allow_search":1,"relevanssi_exclude":0,"default_value":"","maxlength":"","allow_in_bindings":1,"placeholder":"","prepend":"N\u00famero de Ordenanza:","append":"","_name":"n_de_ordenanza","_valid":1}},"numero_de_ordenanza_anterior":{"simple_value_formatted":"2606\/17","value_formatted":"2606\/17","value":"2606\/17","field":{"ID":10,"key":"field_6408b087c8906","label":"N\u00b0 de Ordenanza Anterior","name":"numero_de_ordenanza_anterior","aria-label":"","prefix":"acf","type":"text","value":null,"menu_order":1,"instructions":"Formato NNN\/AA","required":0,"id":"","class":"","conditional_logic":0,"parent":8,"wrapper":{"width":"","class":"","id":""},"acfbs_allow_search":0,"relevanssi_exclude":0,"default_value":"","maxlength":"","allow_in_bindings":1,"placeholder":"","prepend":"","append":"","_name":"numero_de_ordenanza_anterior","_valid":1}},"arch_ordenanza":{"simple_value_formatted":4482,"value_formatted":4482,"value":"4482","field":{"ID":39,"key":"field_640a128179c76","label":"Archivo de Ordenanza","name":"arch_ordenanza","aria-label":"","prefix":"acf","type":"file","value":null,"menu_order":2,"instructions":"","required":1,"id":"","class":"","conditional_logic":0,"parent":8,"wrapper":{"width":"","class":"","id":""},"relevanssi_exclude":0,"return_format":"url","library":"all","min_size":"0.1","max_size":50,"mime_types":"pdf","allow_in_bindings":0,"_name":"arch_ordenanza","_valid":1}},"anexo_i":{"simple_value_formatted":0,"value_formatted":0,"value":"0","field":{"ID":1295,"key":"field_6427c35eb4da7","label":"Archivo Anexo I","name":"anexo_i","aria-label":"","prefix":"acf","type":"file","value":null,"menu_order":3,"instructions":"","required":0,"id":"","class":"","conditional_logic":0,"parent":8,"wrapper":{"width":"","class":"","id":""},"relevanssi_exclude":0,"only_front":0,"frontend_admin_display_mode":"edit","no_values_message":"","return_format":"url","library":"all","no_file_text":"No se ha seleccionado un archivo","button_text":"Agregar archivo","custom_directory":1,"custom_directory_name":"anexos1","secure_directory":0,"hide_from_library":0,"min_size":"0.1","max_size":50,"mime_types":"pdf","_name":"anexo_i","_valid":1}},"antecendentes":{"simple_value_formatted":4481,"value_formatted":4481,"value":"4481","field":{"ID":2251,"key":"field_642cbe0f4f836","label":"Archivo Tabla de Antecedentes","name":"antecendentes","aria-label":"","prefix":"acf","type":"file","value":null,"menu_order":4,"instructions":"","required":0,"id":"","class":"","conditional_logic":0,"parent":8,"wrapper":{"width":"","class":"","id":""},"relevanssi_exclude":0,"only_front":0,"frontend_admin_display_mode":"edit","no_values_message":"","return_format":"url","library":"all","no_file_text":"No se ha seleccionado archivo","button_text":"Agregar archivo","custom_directory":1,"custom_directory_name":"anexos2","secure_directory":0,"hide_from_library":0,"min_size":"0.1","max_size":20,"mime_types":"pdf","_name":"antecendentes","_valid":1}},"id_digesto":{"simple_value_formatted":2606,"value_formatted":2606,"value":"2606","field":{"ID":2504,"key":"field_64571e13022f8","label":"ID en Sistema Digesto","name":"id_digesto","aria-label":"","prefix":"acf","type":"number","value":null,"menu_order":5,"instructions":"Es el codigo interno del sistema del Digesto Juridico","required":1,"id":"","class":"","conditional_logic":0,"parent":8,"wrapper":{"width":"","class":"","id":""},"acfbs_allow_search":0,"relevanssi_exclude":0,"only_front":0,"frontend_admin_display_mode":"edit","no_values_message":"","default_value":"","min":"","max":"","placeholder":"","step":"","prepend":"","append":"","_name":"id_digesto","_valid":1}},"consolidacion":{"simple_value_formatted":"<span class=\"value-item\">3\u00b0 - Tercera Consolidaci\u00f3n (2023)<\/span>","value_formatted":"3\u00b0 - Tercera Consolidaci\u00f3n (2023)","value":"3\u00b0 - Tercera Consolidaci\u00f3n (2023)","field":{"ID":4297,"key":"field_650a8359a591e","label":"Consolidaci\u00f3n","name":"consolidacion","aria-label":"","prefix":"acf","type":"select","value":null,"menu_order":6,"instructions":"","required":1,"id":"","class":"","conditional_logic":0,"parent":8,"wrapper":{"width":"","class":"","id":""},"acfbs_allow_search":0,"relevanssi_exclude":0,"choices":{"1\u00b0 - Primera Consolidaci\u00f3n (2021)":"1ra","2\u00b0 - Segunda Consolidaci\u00f3n (2022)":"2da","3\u00b0 - Tercera Consolidaci\u00f3n (2023)":"3ra","4\u00b0 - Cuarta Consolidaci\u00f3n (2024)":"4ta","5\u00b0 - Quinta Consolidaci\u00f3n (2025)":"5ta"},"default_value":"5ta","return_format":"value","multiple":0,"allow_null":0,"allow_in_bindings":1,"ui":0,"ajax":0,"placeholder":"","create_options":0,"save_options":0,"_name":"consolidacion","_valid":1}}},"mb":[],"mfb_rest_fields":["title"],"_links":{"self":[{"href":"https:\/\/deliberanteobera.gob.ar\/digesto\/wp-json\/wp\/v2\/posts\/4480","targetHints":{"allow":["GET"]}}],"collection":[{"href":"https:\/\/deliberanteobera.gob.ar\/digesto\/wp-json\/wp\/v2\/posts"}],"about":[{"href":"https:\/\/deliberanteobera.gob.ar\/digesto\/wp-json\/wp\/v2\/types\/post"}],"author":[{"embeddable":true,"href":"https:\/\/deliberanteobera.gob.ar\/digesto\/wp-json\/wp\/v2\/users\/3"}],"replies":[{"embeddable":true,"href":"https:\/\/deliberanteobera.gob.ar\/digesto\/wp-json\/wp\/v2\/comments?post=4480"}],"version-history":[{"count":3,"href":"https:\/\/deliberanteobera.gob.ar\/digesto\/wp-json\/wp\/v2\/posts\/4480\/revisions"}],"predecessor-version":[{"id":6813,"href":"https:\/\/deliberanteobera.gob.ar\/digesto\/wp-json\/wp\/v2\/posts\/4480\/revisions\/6813"}],"wp:attachment":[{"href":"https:\/\/deliberanteobera.gob.ar\/digesto\/wp-json\/wp\/v2\/media?parent=4480"}],"wp:term":[{"taxonomy":"category","embeddable":true,"href":"https:\/\/deliberanteobera.gob.ar\/digesto\/wp-json\/wp\/v2\/categories?post=4480"},{"taxonomy":"post_tag","embeddable":true,"href":"https:\/\/deliberanteobera.gob.ar\/digesto\/wp-json\/wp\/v2\/tags?post=4480"}],"curies":[{"name":"wp","href":"https:\/\/api.w.org\/{rel}","templated":true}]}}